{"id":61,"date":"2024-03-30T14:08:30","date_gmt":"2024-03-30T13:08:30","guid":{"rendered":"https:\/\/familyzen.fr\/blog\/?p=61"},"modified":"2024-03-30T14:09:36","modified_gmt":"2024-03-30T13:09:36","slug":"les-femmes-ne-peuvent-pas-conduire-une-moto","status":"publish","type":"post","link":"https:\/\/familyzen.fr\/blog\/divers\/les-femmes-ne-peuvent-pas-conduire-une-moto","title":{"rendered":"Les femmes ne peuvent pas conduire une moto"},"content":{"rendered":"\n<p>C\u2019est le printemps, les jours rallongent, le soleil est de plus en plus doux.<\/p>\n\n\n\n<p>Je suis fra\u00eechement c\u00e9libataire. Avec Tom, nous sommes s\u00e9par\u00e9s d\u2019un commun accord dans la mesure o\u00f9 il a d\u00e9cid\u00e9 de partir avec ma meilleure amie. Elle habite dans le m\u00eame immeuble que nous. \u00c7a a \u00e9t\u00e9 plus facile pour le d\u00e9m\u00e9nagement des affaires de Tom.<\/p>\n\n\n\n<p>Et puis apr\u00e8s tout, avec Delphine, nous ne nous connaissions pas si bien. La preuve, 23 ans d\u2019amiti\u00e9, et je ne pensais pas qu\u2019elle serait capable de me prendre mon mec.<\/p>\n\n\n\n<p>Bref, apr\u00e8s six mois d\u2019une jolie d\u00e9pression, je d\u00e9cide de me reprendre en main. Je n\u2019ai plus envie de croiser le joli couple \u00ab Delph et Tom \u00bb dans l\u2019immeuble. \u00c0 chaque fois que je les croise j\u2019ai des envies de meurtre. Mais au lieu de \u00e7a, quand Tom m\u2019a parl\u00e9 de son probl\u00e8me de voiture et qu\u2019il m&rsquo;a demand\u00e9 s\u2019il pouvait emprunter la mienne, j\u2019ai simplement dit oui.<\/p>\n\n\n\n<figure class=\"wp-block-image size-large is-resized\"><img loading=\"lazy\" decoding=\"async\" width=\"682\" height=\"1024\" src=\"https:\/\/familyzen.fr\/blog\/wp-content\/uploads\/2024\/03\/Marie-1-682x1024.jpg\" alt=\"\" class=\"wp-image-62\" style=\"width:350px\" srcset=\"https:\/\/familyzen.fr\/blog\/wp-content\/uploads\/2024\/03\/Marie-1-682x1024.jpg 682w, https:\/\/familyzen.fr\/blog\/wp-content\/uploads\/2024\/03\/Marie-1-200x300.jpg 200w, https:\/\/familyzen.fr\/blog\/wp-content\/uploads\/2024\/03\/Marie-1-768x1152.jpg 768w, https:\/\/familyzen.fr\/blog\/wp-content\/uploads\/2024\/03\/Marie-1.jpg 853w\" sizes=\"auto, (max-width: 682px) 100vw, 682px\" \/><\/figure>\n\n\n\n<p>Je d\u00e9m\u00e9nage, je ne veux plus les voir. Qu\u2019ils soient heureux dans ma voiture. Moi j\u2019en ai marre de cette d\u00e9pression. De toute fa\u00e7on je n\u2019ai plus les moyens de me payer un pot d\u2019un kilo de Nutella tous les jours. Je fais le tour des agences et je trouve un joli 3 pi\u00e8ces avec une grande terrasse. J\u2019emm\u00e9nage 2 mois plus tard, pile pour la f\u00eate de la musique.<\/p>\n\n\n\n<p>Je trouve mes marques doucement dans cette nouvelle vie.  Je me remets \u00e0 faire de la photo. C&rsquo;est ma passion, mais je n&rsquo;avais plus le gout \u00e0 rien derni\u00e8rement. Je sors de temps en temps le soir, et me fais quelques nouvelles amies. Mais pas encore d\u2019homme, je ne suis pas pr\u00eate.<\/p>\n\n\n\n<p>En septembre, nouveau coup dur. Je me fais virer de l\u2019entreprise o\u00f9 je bosse depuis 7 ans. Pas grave, de toute fa\u00e7on en ce moment j\u2019ai besoin de changements. Et en moins de 3 mois je retrouve du boulot. Je deviens assistante RH dans une petite usine de savons. \u00c7a sent bon partout dans l\u2019entreprise !<\/p>\n\n\n\n<p>Je me remets au sport. Je m\u2019inscris dans une salle en me disant que \u00e7a co\u00fbte moins cher que le Nutella et les bombes de chantilly. Tr\u00e8s vite 4 kilos s\u2019envolent. Il faudra encore 6 mois pour qu\u2019une autre dizaine en fasse de m\u00eame.<\/p>\n\n\n\n<figure class=\"wp-block-image size-large is-resized\"><img loading=\"lazy\" decoding=\"async\" width=\"1024\" height=\"679\" src=\"https:\/\/familyzen.fr\/blog\/wp-content\/uploads\/2024\/03\/Marie-sport-1024x679.jpg\" alt=\"\" class=\"wp-image-63\" style=\"width:500px\" srcset=\"https:\/\/familyzen.fr\/blog\/wp-content\/uploads\/2024\/03\/Marie-sport-1024x679.jpg 1024w, https:\/\/familyzen.fr\/blog\/wp-content\/uploads\/2024\/03\/Marie-sport-300x199.jpg 300w, https:\/\/familyzen.fr\/blog\/wp-content\/uploads\/2024\/03\/Marie-sport-768x509.jpg 768w, https:\/\/familyzen.fr\/blog\/wp-content\/uploads\/2024\/03\/Marie-sport.jpg 1280w\" sizes=\"auto, (max-width: 1024px) 100vw, 1024px\" \/><\/figure>\n\n\n\n<p>Un nouveau printemps pointe le bout de son nez. Je me sens mieux dans ma t\u00eate, bien dans ce nouveau boulot, et je rentre \u00e0 nouveau dans mes jeans 38. Je recommence \u00e0 aimer me regarder dans la glace. J&rsquo;essaie m\u00eame le Yoga avec une coll\u00e8gue de travail. C&rsquo;est hyper intense et douloureux.<\/p>\n\n\n\n<figure class=\"wp-block-image size-large is-resized\"><img loading=\"lazy\" decoding=\"async\" width=\"1024\" height=\"640\" src=\"https:\/\/familyzen.fr\/blog\/wp-content\/uploads\/2024\/03\/marie-yoga-1024x640.jpg\" alt=\"\" class=\"wp-image-64\" style=\"width:500px\" srcset=\"https:\/\/familyzen.fr\/blog\/wp-content\/uploads\/2024\/03\/marie-yoga-1024x640.jpg 1024w, https:\/\/familyzen.fr\/blog\/wp-content\/uploads\/2024\/03\/marie-yoga-300x188.jpg 300w, https:\/\/familyzen.fr\/blog\/wp-content\/uploads\/2024\/03\/marie-yoga-768x480.jpg 768w, https:\/\/familyzen.fr\/blog\/wp-content\/uploads\/2024\/03\/marie-yoga.jpg 1280w\" sizes=\"auto, (max-width: 1024px) 100vw, 1024px\" \/><\/figure>\n\n\n\n<p>C\u00f4t\u00e9 hommes, il y en a qui s\u2019approchent, mais j\u2019ai encore du mal \u00e0 me laisser aller. Il y a bien ce Julien avec qui m\u2019a invit\u00e9e deux soirs au resto. Il est dr\u00f4le, avenant, il me comprend. Un soir nous passerons m\u00eame une agr\u00e9able nuit ensemble. Mais je ne suis pas encore pr\u00eate pour du s\u00e9rieux. Comme on dit : \u00ab chat \u00e9chaud\u00e9 craint l\u2019eau froide \u00bb.<\/p>\n\n\n\n<p>Je n\u2019ai toujours pas de voiture. J\u2019ai laiss\u00e9 la mienne \u00e0 Tom et Delph. Pas envie de la r\u00e9cup\u00e9rer, ils ont d\u00fb faire des cochonneries dedans.<\/p>\n\n\n\n<h2 class=\"wp-block-heading\">Une moto<\/h2>\n\n\n\n<p>J\u2019ai besoin d\u2019air, besoin de libert\u00e9. Ce ne sont pas des mensonges, c\u2019est la r\u00e9alit\u00e9. Avec ce printemps tout doux, l\u2019id\u00e9e de conduire une moto me traverse l\u2019esprit. Je m\u2019imagine conduisant un engin \u00e0 deux roues le soir en sortant du boulot pour aller boire un verre en terrasse avec les copines. N\u2019importe quoi, la moto ce n\u2019est pas un truc de filles me dis-je. Et pourquoi pas ?<\/p>\n\n\n\n<p>Le lendemain, je m\u2019arr\u00eate \u00e0 l\u2019auto-\u00e9cole \u00e0 c\u00f4t\u00e9 de mon immeuble. Je demande des renseignements sur le permis moto. On me donne toutes les informations pour acc\u00e9der au permis A2. Je me sens rebelle d\u2019\u00eatre une femme qui va piloter une moto. Jusqu\u2019au moment o\u00f9 j\u2019apprends que le moniteur s\u2019appelle Charlotte. En plus, elle a le m\u00eame \u00e2ge que moi. C\u2019est d\u00e9cid\u00e9, je craque le PEL et je m\u2019inscris.<\/p>\n\n\n\n<p>Je commence par le code que j\u2019obtiens tr\u00e8s vite. Dans le m\u00eame temps, je parle de ma d\u00e9marche autour de moi. Mes parents ne comprennent pas pourquoi je fais \u00e7a. Pourtant mon petit fr\u00e8re a une moto et pour tout le monde \u00e7a semble normal. Au boulot c\u2019est la m\u00eame chose. Mes coll\u00e8gues me disent que je suis folle. Ce n\u2019est pas un truc de fille. Et puis avec mes 1m65 je ne vais pas toucher par terre. Qu\u2019\u00e0 cela ne tienne, je n\u2019\u00e9coute personne. D\u2019ailleurs, mes parents et mes amis m\u2019avaient dit de ne pas me mettre avec Tom il y a quelques ann\u00e9es\u2026<\/p>\n\n\n\n<h2 class=\"wp-block-heading\">Le plateau<\/h2>\n\n\n\n<p>Premi\u00e8re fois que je vais enfourcher une moto. Rendez-vous un samedi matin de Mai sur un grand parking. Pour obtenir le permis moto, il faut le \u00ab code \u00bb, le \u00ab plateau \u00bb et la \u00ab circulation \u00bb.<\/p>\n\n\n\n<p>Le plateau consiste \u00e0 ma\u00eetriser la moto sur un parcours pr\u00e9d\u00e9fini qu\u2019il faut apprendre par c\u0153ur.<\/p>\n\n\n\n<p>Mais pour d\u00e9buter, Charlotte m\u2019enseigne les rudiments de la conduite d\u2019une moto. D\u2019abord en montant derri\u00e8re elle, puis je commence \u00e0 rouler doucement seule sur ce parking. En premi\u00e8re pour le moment, j\u2019ai peur de passer les vitesses. Je fais une petite chute en faisant demi-tour. La moto c\u2019est vraiment plus lourd qu\u2019un v\u00e9lo. Et de toute fa\u00e7on, je suis nulle sur un v\u00e9lo aussi. Rien de grave, la moto a des protections. Je m\u2019y remets.<\/p>\n\n\n\n<p>Au bout des quelques samedis matin, je commence \u00e0 ma\u00eetriser les bases de la moto. Embrayage, vitesses, acc\u00e9l\u00e9ration, freins, et maintenant j\u2019arrive \u00e0 faire demi-tour sans chuter.<\/p>\n\n\n\n<p>Fin juin, je passe l\u2019\u00e9preuve du plateau devant un examinateur. Je l\u2019obtiens du premier coup. Reste plus que l\u2019\u00e9preuve de circulation.<\/p>\n\n\n\n<h2 class=\"wp-block-heading\">La circulation<\/h2>\n\n\n\n<p>Avec Charlotte, nous allons rouler un peu partout. En ville, en campagne, sur des petites routes, des voies rapides. J\u2019adore Charlotte, elle est douce et patiente. J\u2019aime bien entendre sa voix dans les haut-parleurs du casque. Elle me donne plein de bons conseils.<\/p>\n\n\n\n<p>Nous devenons amies. Un soir, nous allons boire un verre en terrasse. Elle me ram\u00e8ne chez moi \u00e0 moto. J\u2019ai h\u00e2te d\u2019avoir la mienne.<\/p>\n\n\n\n<p>J\u2019appr\u00e9cie beaucoup Charlotte. Je lui propose de monter boire un verre. Elle accepte. Je me r\u00e9veille le lendemain matin. Charlotte est \u00e0 c\u00f4t\u00e9 de moi dans mon lit. Avec elle, j\u2019aurais appris \u00e0 chevaucher autre chose qu\u2019une moto.<\/p>\n\n\n\n<p>En juillet, je passe l\u2019\u00e9preuve de la circulation. Charlotte et un examinateur sont dans une voiture derri\u00e8re moi. Je conduis en suivant leurs instructions. Il fait beau et chaud, je me sens bien. J\u2019en oublie presque qu\u2019il y a l\u2019examinateur derri\u00e8re moi. Le lendemain, je re\u00e7ois un mail m\u2019informant que j\u2019ai obtenu mon permis !<\/p>\n\n\n\n<h2 class=\"wp-block-heading\">Ma moto<\/h2>\n\n\n\n<p>Je commence \u00e0 faire les annonces sur Leboncoin. Je ne sais pas quel genre de moto je veux. Je trouve l\u2019ER6N jolie. En plus, il para\u00eet qu\u2019elle n\u2019est pas trop haute, ce qui serait id\u00e9al pour mon petit gabarit. Je concentre mes recherches sur ce mod\u00e8le qui se trouve facilement \u00e0 des prix comp\u00e9titifs.<\/p>\n\n\n\n<p>Rendez-vous est pris le 14 juillet avec \u00ab Hector \u00bb qui vend la sienne. Elle est Jaune et noire et sort de r\u00e9vision. Je n\u2019ose pas la conduire. Hector me propose de monter derri\u00e8re. Nous roulons 15 minutes sur une belle route de montagne. Je me tiens \u00e0 Hector car la moto acc\u00e9l\u00e8re assez fort.<\/p>\n\n\n\n<figure class=\"wp-block-image size-large is-resized\"><img loading=\"lazy\" decoding=\"async\" width=\"1024\" height=\"682\" src=\"https:\/\/familyzen.fr\/blog\/wp-content\/uploads\/2024\/03\/ER6-marie-1024x682.jpg\" alt=\"\" class=\"wp-image-67\" style=\"width:500px\" srcset=\"https:\/\/familyzen.fr\/blog\/wp-content\/uploads\/2024\/03\/ER6-marie-1024x682.jpg 1024w, https:\/\/familyzen.fr\/blog\/wp-content\/uploads\/2024\/03\/ER6-marie-300x200.jpg 300w, https:\/\/familyzen.fr\/blog\/wp-content\/uploads\/2024\/03\/ER6-marie-768x512.jpg 768w, https:\/\/familyzen.fr\/blog\/wp-content\/uploads\/2024\/03\/ER6-marie.jpg 1280w\" sizes=\"auto, (max-width: 1024px) 100vw, 1024px\" \/><\/figure>\n\n\n\n<p>La sensation de libert\u00e9 est merveilleuse. De retour chez Hector, nous discutons autour de la moto. Je la veux, mais j\u2019ai un peu peur. Je n\u00e9gocie un peu. Hector c\u00e8de pour 3 000 \u20ac au lieu des 3 200 \u20ac qu\u2019il en voulait initialement.<\/p>\n\n\n\n<p>Voil\u00e0, je suis propri\u00e9taire d\u2019une moto. Dans ma t\u00eate, je me dis : \u00ab F\u00e9licitations Marinette, tu es une femme motarde maintenant \u00bb.<\/p>\n\n\n\n<h2 class=\"wp-block-heading\">Une femme chez les motards<\/h2>\n\n\n\n<p>Hector est adorable. Le week-end prochain, il va se balader \u00e0 moto avec un groupe d\u2019amis. Il me propose de me joindre \u00e0 eux. Ils me donneront des conseils pour apprendre \u00e0 \u00eatre un bon pilote. J\u2019accepte.<\/p>\n\n\n\n<p>Le dimanche venu, je les retrouve sur le parking d\u2019une boulangerie. Hector est l\u00e0 avec une douzaine d\u2019amis. Il y a deux autres filles, ce qui me rassure. Nous partons \u00e9cumer l\u2019asphalte. J\u2019adore. M\u00eame si j\u2019ai encore un peu peur, et que je me fais quelques petites frayeurs, toutes les sensations sont extraordinaires.<\/p>\n\n\n\n<p>Et dire que des gens pensent que la moto ce n\u2019est pas pour les filles !<\/p>\n\n\n\n<p>Le soir, Hector refuse de me laisser rentrer chez moi. Il veut aller boire un verre. J\u2019ai des courbatures un peu partout, mais j\u2019accepte. J\u2019avoue qu\u2019il est beau mec et que je n\u2019ai pas trop envie de le laisser partir non plus.<\/p>\n\n\n\n<p>La moto m\u2019a redonn\u00e9 confiance en moi. Je peux r\u00e9ussir ce que j\u2019entreprends. Et je fais partie de la communaut\u00e9 des motards. Hector et moi ne nous l\u00e2chons plus. Nous formons rapidement un beau couple de motards.<\/p>\n\n\n\n<figure class=\"wp-block-image size-large is-resized\"><img loading=\"lazy\" decoding=\"async\" width=\"843\" height=\"473\" src=\"https:\/\/familyzen.fr\/blog\/wp-content\/uploads\/2024\/03\/Marie-et-Hector-edited.jpg\" alt=\"\" class=\"wp-image-66\" style=\"width:500px\" srcset=\"https:\/\/familyzen.fr\/blog\/wp-content\/uploads\/2024\/03\/Marie-et-Hector-edited.jpg 843w, https:\/\/familyzen.fr\/blog\/wp-content\/uploads\/2024\/03\/Marie-et-Hector-edited-300x168.jpg 300w, https:\/\/familyzen.fr\/blog\/wp-content\/uploads\/2024\/03\/Marie-et-Hector-edited-768x431.jpg 768w\" sizes=\"auto, (max-width: 843px) 100vw, 843px\" \/><\/figure>\n\n\n\n<p>Je le pr\u00e9sente \u00e0 mes parents. Contrairement \u00e0 Tom, ils ne me mettent pas en garde contre Hector. Ils semblent m\u00eame l\u2019appr\u00e9cier.<\/p>\n\n\n\n<p>Au bout de quelques mois, je suis convi\u00e9e \u00e0 un repas dans sa famille. Hector me dit qu\u2019ils sont tous motards. Son p\u00e8re, sa m\u00e8re, son fr\u00e8re et sa s\u0153ur font de la moto.<\/p>\n\n\n\n<p>Bien entendu, c\u2019est \u00e0 motos que nous nous rendons chez ses parents. Il me pr\u00e9sente \u00e0 toute sa famille. Sa m\u00e8re est rigolote, son p\u00e8re est un g\u00e9ant qui aime les Indians (attention \u00e0 ne pas prononcer le mot Harley en sa pr\u00e9sence). Son fr\u00e8re Ga\u00e9tan lui ressemble comme deux gouttes d\u2019eau.<\/p>\n\n\n\n<p>Puis il me pr\u00e9sente \u00e0 sa s\u0153ur Charlotte\u2026 elle est monitrice de moto. \u00ab Enchant\u00e9e Charlotte, moi c\u2019est Marie, ta nouvelle belle-s\u0153ur \u00bb.<\/p>\n","protected":false},"excerpt":{"rendered":"<p>C\u2019est le printemps, les jours rallongent, le soleil est de plus en plus doux. Je suis fra\u00eechement c\u00e9libataire. Avec Tom, nous sommes s\u00e9par\u00e9s d\u2019un commun accord dans la mesure o\u00f9 il a d\u00e9cid\u00e9 de partir avec ma meilleure amie. Elle habite dans le m\u00eame immeuble que nous. \u00c7a a \u00e9t\u00e9 plus facile pour le d\u00e9m\u00e9nagement [&hellip;]<\/p>\n","protected":false},"author":1,"featured_media":67,"comment_status":"closed","ping_status":"open","sticky":false,"template":"","format":"standard","meta":{"footnotes":""},"categories":[7],"tags":[],"class_list":["post-61","post","type-post","status-publish","format-standard","has-post-thumbnail","hentry","category-divers"],"_links":{"self":[{"href":"https:\/\/familyzen.fr\/blog\/wp-json\/wp\/v2\/posts\/61","targetHints":{"allow":["GET"]}}],"collection":[{"href":"https:\/\/familyzen.fr\/blog\/wp-json\/wp\/v2\/posts"}],"about":[{"href":"https:\/\/familyzen.fr\/blog\/wp-json\/wp\/v2\/types\/post"}],"author":[{"embeddable":true,"href":"https:\/\/familyzen.fr\/blog\/wp-json\/wp\/v2\/users\/1"}],"replies":[{"embeddable":true,"href":"https:\/\/familyzen.fr\/blog\/wp-json\/wp\/v2\/comments?post=61"}],"version-history":[{"count":1,"href":"https:\/\/familyzen.fr\/blog\/wp-json\/wp\/v2\/posts\/61\/revisions"}],"predecessor-version":[{"id":68,"href":"https:\/\/familyzen.fr\/blog\/wp-json\/wp\/v2\/posts\/61\/revisions\/68"}],"wp:featuredmedia":[{"embeddable":true,"href":"https:\/\/familyzen.fr\/blog\/wp-json\/wp\/v2\/media\/67"}],"wp:attachment":[{"href":"https:\/\/familyzen.fr\/blog\/wp-json\/wp\/v2\/media?parent=61"}],"wp:term":[{"taxonomy":"category","embeddable":true,"href":"https:\/\/familyzen.fr\/blog\/wp-json\/wp\/v2\/categories?post=61"},{"taxonomy":"post_tag","embeddable":true,"href":"https:\/\/familyzen.fr\/blog\/wp-json\/wp\/v2\/tags?post=61"}],"curies":[{"name":"wp","href":"https:\/\/api.w.org\/{rel}","templated":true}]}}